{"id":180,"date":"2014-01-15T22:16:14","date_gmt":"2014-01-15T21:16:14","guid":{"rendered":"http:\/\/wp.zielonezacisze.org.pl\/?p=180"},"modified":"2021-12-04T00:04:51","modified_gmt":"2021-12-03T23:04:51","slug":"sprawozdanie-zarzadu-zz-za-kadencje-xii-2011-i-2014-2","status":"publish","type":"post","link":"https:\/\/zielonezacisze.org.pl\/?p=180","title":{"rendered":"Sprawozdanie Zarz\u0105du ZZ za kadencje 2012-2013"},"content":{"rendered":"<div style=\"color: #858585;\"><strong>Sprawozdanie Zarz\u0105du Stowarzyszenia Mieszka\u0144c\u00f3w \u201eZielone Zacisze\u201d<\/strong><\/div>\n<div><strong>za okres kadencji 2012-2013<\/strong><\/div>\n<p style=\"color: #858585;\">\n<p style=\"color: #858585;\">\n<ol style=\"color: #858585;\">\n<li><strong>Nazwa\u00a0<\/strong>: Stowarzyszenie Mieszka\u0144c\u00f3w \u201eZielone Zacisze\u201d<\/li>\n<li><strong>Adres\u00a0<\/strong>: ul. \u015aw. Wincentego 114 kl. VII\u00a0\u00a0 03-291\u00a0 Warszawa<\/li>\n<li><strong>email<\/strong>:\u00a0\u00a0\u00a0<a style=\"color: #8fbc03;\" href=\"mailto:biuro@zielonezacisze.org.pl\">biuro@zielonezacisze.org.pl<\/a>\u00a0www.zielonezacisze.org.pl<\/li>\n<li><strong>Data wpisu do KRS: 16.10.2009 r. \u00a0\u00a0\u00a0\u00a0\u00a0\u00a0\u00a0\u00a0 Numer KRS<\/strong>\u00a0: 0000339284<\/li>\n<li><strong>NIP<\/strong>: 524-270-33-11\u00a0\u00a0\u00a0\u00a0\u00a0\u00a0\u00a0 \u00a0\u00a0\u00a0\u00a0\u00a0\u00a0\u00a0\u00a0\u00a0\u00a0\u00a0\u00a0\u00a0\u00a0\u00a0\u00a0\u00a0\u00a0\u00a0\u00a0\u00a0\u00a0\u00a0\u00a0\u00a0\u00a0\u00a0\u00a0<strong>REGON<\/strong>: 142206059<\/li>\n<li><strong>Konto Bankowe<\/strong>\u00a0: Volkswagen Bank Polska nr 77 2130 0004 2001 0531 5163 0001<\/li>\n<\/ol>\n<p style=\"color: #858585;\">Niniejsze\u00a0<a style=\"color: #8fbc03;\" href=\"http:\/\/www.zielonezacisze.org.pl\/images\/stories\/Sprawozdanie_Zarzadu_ZZ_za_kadencje_XII_2011_-_I_2014_.pdf\">sprawozdanie<\/a>\u00a0sk\u0142adane jest za okres od dnia 8 grudnia 2011 roku, kiedy to odby\u0142o si\u0119 Walne Zgromadzenie Cz\u0142onk\u00f3w Stowarzyszenia Mieszka\u0144c\u00f3w \u201eZielone Zacisze\u201d. Zebranie to wybra\u0142o nowe\u00a0 statutowe w\u0142adze na kolejn\u0105 dwuletni\u0105 kadencj\u0119. Sk\u0142ad osobowy organ\u00f3w zgodnie z aktualnym KRS:<\/p>\n<p style=\"color: #858585;\"><strong>Zarz\u0105d Stowarzyszenia Mieszka\u0144c\u00f3w Zielone Zacisze:<\/strong><\/p>\n<p style=\"color: #858585;\">Prezes\u00a0\u00a0\u00a0\u00a0\u00a0\u00a0\u00a0\u00a0\u00a0\u00a0\u00a0\u00a0\u00a0\u00a0\u00a0\u00a0\u00a0\u00a0\u00a0\u00a0\u00a0\u00a0\u00a0 S\u0142awomir Wr\u00f3blewski<\/p>\n<p style=\"color: #858585;\">Wiceprezes\u00a0\u00a0\u00a0\u00a0\u00a0\u00a0\u00a0\u00a0\u00a0\u00a0\u00a0\u00a0\u00a0\u00a0\u00a0 Hanna Rzadkiewicz<\/p>\n<p style=\"color: #858585;\">Wiceprezes\u00a0\u00a0\u00a0\u00a0\u00a0\u00a0\u00a0\u00a0\u00a0\u00a0\u00a0\u00a0\u00a0\u00a0\u00a0 Waldemar Stencel<\/p>\n<p style=\"color: #858585;\">Skarbnik\u00a0\u00a0\u00a0\u00a0\u00a0\u00a0\u00a0\u00a0\u00a0\u00a0\u00a0\u00a0\u00a0\u00a0\u00a0\u00a0\u00a0\u00a0\u00a0\u00a0 Tomasz Paszylka<\/p>\n<p style=\"color: #858585;\">Sekretarz\u00a0\u00a0\u00a0\u00a0\u00a0\u00a0\u00a0\u00a0\u00a0\u00a0\u00a0\u00a0\u00a0\u00a0\u00a0\u00a0\u00a0\u00a0\u00a0 Urszula Ma\u015blanka<\/p>\n<p style=\"color: #858585;\">Cz\u0142onek Zarz\u0105du\u00a0\u00a0\u00a0\u00a0\u00a0\u00a0\u00a0 Stanis\u0142aw Federak.<\/p>\n<p style=\"color: #858585;\">\n<p style=\"color: #858585;\"><strong>Komisja Rewizyjna dzia\u0142a\u0142a w sk\u0142adzie:<\/strong><\/p>\n<p style=\"color: #858585;\">Przewodnicz\u0105cy\u00a0\u00a0\u00a0\u00a0\u00a0\u00a0\u00a0\u00a0 Marcin Ko\u0142acz<\/p>\n<p style=\"color: #858585;\">Wiceprzewodnicz\u0105ca Teresa D\u0105browska<\/p>\n<p style=\"color: #858585;\">Sekretarz\u00a0\u00a0\u00a0\u00a0\u00a0\u00a0\u00a0\u00a0\u00a0\u00a0\u00a0\u00a0\u00a0\u00a0\u00a0\u00a0\u00a0\u00a0\u00a0 Hanna Poncyleusz.<\/p>\n<p style=\"color: #858585;\">\n<p style=\"color: #858585;\"><strong>Posiedzenia Zarz\u0105du<\/strong><\/p>\n<p style=\"color: #858585;\">Poczynaj\u0105c od pierwszego posiedzenia w dn. 12.12.11 r. odby\u0142o si\u0119 dwadzie\u015bcia posiedze\u0144 Zarz\u0105du Stowarzyszenia Mieszka\u0144c\u00f3w Zielone Zacisze. Przyj\u0119to sta\u0142y termin spotka\u0144 \u2013 wtorek raz na miesi\u0105c \u2013 i korzystano z go\u015bcinnie udost\u0119pnianego pomieszczenia Zarz\u0105du Wsp\u00f3lnoty B. Wszystkie posiedzenia by\u0142y protoko\u0142owane, dokumentacja jest prowadzona na bie\u017c\u0105co i pozostaje w dyspozycji Sekretarza Zarz\u0105du.<\/p>\n<p style=\"color: #858585;\">\n<p style=\"color: #858585;\"><strong>Sprawy osobowe<\/strong><\/p>\n<p style=\"color: #858585;\">W minionym okresie dw\u00f3ch lat sprawy losowe wp\u0142ywa\u0142y na zmiany w\/w zespo\u0142\u00f3w. Ju\u017c na pocz\u0105tku roku 2012 z osiedla wyprowadzi\u0142a si\u0119 p.Teresa D\u0105browska, co spowodowa\u0142o zako\u0144czenie wsp\u00f3\u0142pracy. W roku 2013 dokonano przekazania bie\u017c\u0105cych zada\u0144 skarbnika Panu Waldemarowi Stencelowi. W drugiej po\u0142owie roku 2013 r. swoj\u0105 dzia\u0142alno\u015b\u0107 na osiedlu zako\u0144czy\u0142a Pani Hanna Poncyleusz. W dniu 2 grudnia 2013 roku zmar\u0142 Pan Stanis\u0142aw Federak.<\/p>\n<p style=\"color: #858585;\"><strong>Wnioski generalne<\/strong><\/p>\n<p style=\"color: #858585;\">Po okresie poprzedniej kadencji konieczne by\u0142o uregulowanie wielu spraw formalnych. Dokonano aktualizacji wpisu w KRS stosownie do decyzji wyborczych. Dokonano zmian w pe\u0142nomocnictwach bankowych w Volkswagen Bank. Uregulowano wsp\u00f3\u0142prac\u0119 ze Wsp\u00f3lnotami\u00a0 Mieszka\u0144c\u00f3w. Dokonano aktualizacji um\u00f3w z podwykonawcami. Uregulowano zasady rozlicze\u0144 z w\u0142a\u015bcicielami miejsc parkingowych na dzia\u0142ce D. Zarz\u0105d wypracowa\u0142 plan pracy i roczne plany bud\u017cetowe. Zak\u0142adane plany zosta\u0142y zrealizowane.<\/p>\n<p style=\"color: #858585;\">\n<p style=\"color: #858585;\"><strong>Wsp\u00f3\u0142praca ze Wsp\u00f3lnotami Mieszka\u0144c\u00f3w i system wsp\u00f3\u0142finansowania.<\/strong><\/p>\n<p style=\"color: #858585;\">Dzi\u0119ki wcze\u015bniej przyj\u0119tym Uchwa\u0142om wszystkich trzech Wsp\u00f3lnot Mieszka\u0144c\u00f3w, Zarz\u0105d doprowadzi\u0142 do podpisania dw\u00f3ch Um\u00f3w, na podstawie kt\u00f3rych Wsp\u00f3lnota A i Wsp\u00f3lnota B \u00a0przekazuj\u0105 co miesi\u0105c dofinansowania w wysoko\u015bci 2 z\u0142 brutto od lokalu. W roku 2012 i w roku 2013 odby\u0142y si\u0119 spotkania Zarz\u0105du Stowarzyszenia ze wszystkimi trzema Zarz\u0105dami Wsp\u00f3lnot. Uzgodniono spos\u00f3b przekazywania dofinansowan ze Wsp\u00f3lnoty C. Wskazane jest formalne uregulowanie wsp\u00f3\u0142pracy ze Wsp\u00f3lnot\u0105 C, aby potwierdzi\u0107 wypracowane zasady.<\/p>\n<p style=\"color: #858585;\">\n<p style=\"color: #858585;\"><strong>Sprawy zwi\u0105zane ze wsp\u00f3\u0142w\u0142asno\u015bci\u0105 dzia\u0142ki D na dziedzi\u0144cu Osiedla.<\/strong><\/p>\n<p style=\"color: #858585;\">Dzia\u0142ka D, kt\u00f3ra pozostaje w zarz\u0105dzaniu przez Stowarzyszenie ma 71 wydzielonych cz\u0119\u015bci (w uproszczeniu 71 w\u0142a\u015bcicieli), spo\u015br\u00f3d kt\u00f3rych Stowarzyszenie zarz\u0105dza najwi\u0119ksz\u0105 cz\u0119\u015bci\u0105, na kt\u00f3rej znajduje si\u0119 plac zabaw, boisko, teren rekreacyjny. Zgodnie z przepisami prawa, wsp\u00f3\u0142w\u0142a\u015bciciele odpowiadaj\u0105 solidarnie za ca\u0142o\u015b\u0107 terenu. Z uwagi na sw\u0105 dominuj\u0105c\u0105 pozycj\u0119, Stowarzyszenie zarz\u0105dza terenem ponosz\u0105c koszty utrzymania, o\u015bwietlenia, ubezpieczenia, remont\u00f3w, rozlicze\u0144 i nadzoru i obci\u0105\u017ca tymi kosztami w\u0142a\u015bcicieli\/u\u017cytkownik\u00f3w 70 miejsc parkingowych. Rozliczenia z tego tytu\u0142u s\u0105 znacz\u0105cym sta\u0142ym obci\u0105\u017ceniem dla Zarz\u0105du Stowarzyszenia. Nale\u017cy podkre\u015bli\u0107, \u017ce w grudniu 2012 odby\u0142o si\u0119 po raz pierwszy doroczne otwarte spotkanie Zarz\u0105du Stowarzyszenia z w\u0142a\u015bcicielami miejsc przy udziale Zarz\u0105d\u00f3w Wsp\u00f3lnot Mieszka\u0144c\u00f3w. Spotkanie to by\u0142o kolejnym krokiem dla uporz\u0105dkowania relacji i spraw rozlicze\u0144, kilka os\u00f3b kt\u00f3re zg\u0142asza\u0142y w\u0105tpliwo\u015bci po tym spotkaniu zaakceptowa\u0142y przyj\u0119ty system rozlicze\u0144. Do realizacji pozostaje konsekwentna windykacja nale\u017cno\u015bci od os\u00f3b uchylaj\u0105cych si\u0119 od p\u0142acenia lub p\u0142ac\u0105cych nieterminowo.<\/p>\n<p style=\"color: #858585;\">\n<p style=\"color: #858585;\"><strong>Zarz\u0105dzanie czysto\u015bci\u0105.<\/strong><\/p>\n<p style=\"color: #858585;\">Na pocz\u0105tku roku 2012 Zarz\u0105d podj\u0105\u0142 decyzj\u0119 o wypowiedzeniu umowy firmie odpowiadaj\u0105cej poprzednio za czysto\u015b\u0107 i ziele\u0144. Od\u00a0 marca 2012 r. podpisano w tej sprawie umow\u0119 z firm\u0105 ARECA. Wsp\u00f3\u0142praca uk\u0142ada si\u0119 prawid\u0142owo, ale wymaga sta\u0142ego nadzoru, do czego oddelegowano cz\u0142onka Zarz\u0105du.<\/p>\n<p style=\"color: #858585;\">\n<p style=\"color: #858585;\"><strong>Stan ro\u015blinno\u015bci i terenu rekreacyjnego<\/strong>.<\/p>\n<p style=\"color: #858585;\">Firma ARECA odpowiada za bie\u017c\u0105ce piel\u0119gnowanie zieleni. W celu podlewania dokonano inwestycji w postaci zakupu w\u0119\u017ca oraz zewn\u0119trznej instalacji wodnej z wodomierzem, co zapewnia precyzyjne rozliczanie koszt\u00f3w wody. W roku 2013 dokonano inwestycji w postaci przeprowadzenia pod jezdni\u0105 instalacji wodnej w celu wyprowadzenia uj\u0119cia wody bezpo\u015brednio na teren zielony (przy skalniaku), co powinno u\u0142atwi\u0107 prac\u0119 w okresie niezb\u0119dnego nawadniania ro\u015blinno\u015bci. Firma ARECA zrealizowa\u0142a wytyczenie i utwardzenie cz\u0119\u015bci \u015bcie\u017cek, usypanie i ukszta\u0142towanie skalniaka, nasadzenia w\u0142a\u015bciwej ro\u015blinno\u015bci, nasadzenia zieleni na dw\u00f3ch naro\u017cnikach A\/B i B\/C, napraw p\u0142otu wok\u00f3\u0142 placu zabaw, zamontowanie trzech bramek zgodnie z zaleceniami SANEPID. Dokonano nasadze\u0144 \u017cywop\u0142otu wzd\u0142u\u017c budynku C.<\/p>\n<p style=\"color: #858585;\">\n<p style=\"color: #858585;\"><strong>O\u015bwietlenie dzia\u0142ki D.<\/strong><\/p>\n<p style=\"color: #858585;\">W roku 2012 niezb\u0119dne okaza\u0142o si\u0119 zrewidowanie dotychczasowego systemu o\u015bwietlenia i rozlicze\u0144 energii. Z uwagi na brak wcze\u015bniejszego remontu i brak dokumentacji, konieczne by\u0142o poprowadzenie nowej instalacji elektrycznej do trzech lamp zlokalizowanych na dzia\u0142ce D. Dokonano zamontowania wydzielonego licznika, co mia\u0142o zapewni\u0107 precyzyjne rozliczanie zu\u017cycia energii ze Wsp\u00f3lnot\u0105 C. Konieczna by\u0142a wymiana istniej\u0105cych lamp z \u017car\u00f3wkami. Zamontowane zosta\u0142y czujniki zmierzchu reguluj\u0105ce czas \u015bwiecenia. Po kr\u00f3tkim okresie u\u017cytkowania stan przy\u0142\u0105czy po stronie budynku C spowodowa\u0142 ponowne awarie. Podj\u0119to decyzj\u0119 o kolejnej inwestycji i uzgodniono przeniesienie przy\u0142\u0105cza z budynku C do budynku B.<\/p>\n<p style=\"color: #858585;\">Przy tej okazji zainstalowano gniazdo elektryczne bezpo\u015brednio na teren dzia\u0142ki D. Za\u0142atwienia wymaga wymiana spalonych dw\u00f3ch \u017car\u00f3wek przy najbli\u017cszej obecno\u015bci podno\u015bnika.<\/p>\n<p style=\"color: #858585;\">\n<p style=\"color: #858585;\"><strong>Biuro ksi\u0119gowe<\/strong><\/p>\n<p style=\"color: #858585;\">Zarz\u0105d kontynuuje wsp\u00f3\u0142prac\u0119 z Biurem Rachunkowym RESDOM, kt\u00f3re zapewnia comiesi\u0119czne rozliczenia, prowadzenie ksi\u0119gowo\u015bci, sk\u0142adanie zezna\u0144 podatkowych, przygotowanie bilansu. Od pa\u017adziernika 2012 Biuro RESDOM odpowiada tak\u017ce za monitorowanie wp\u0142at za miejsca parkingowe i przygotowywanie minimum raz na kwarta\u0142 wezwa\u0144 w przypadkach zaleg\u0142o\u015bci. W celu bie\u017c\u0105cego sp\u0142ywu wp\u0142at od Wsp\u00f3lnot Biuro Resdom wystawia noty miesi\u0119czne.<\/p>\n<p style=\"color: #858585;\">\n<p style=\"color: #858585;\"><strong>Sprawy prawne<\/strong><\/p>\n<p style=\"color: #858585;\">W celu zapewnienia prawid\u0142owych rozwi\u0105za\u0144 prawnych w podejmowanych dzia\u0142aniach Zarz\u0105d korzysta\u0142 z pomocy prawnej, zar\u00f3wno p\u0142atnej jak i woluntariuszy. M.in. przygotowano umowy ze Wsp\u00f3lnotami oraz pisma do w\u0142a\u015bcicieli parking\u00f3w. Stan spraw prawnych mo\u017cna uzna\u0107 za w\u0142a\u015bciwy, ale stan skomplikowania przepis\u00f3w nakazuje dalsze korzystanie z us\u0142ug prawnika.<\/p>\n<p style=\"color: #858585;\">\n<p style=\"color: #858585;\"><strong>Inne inwestycje<\/strong><\/p>\n<p style=\"color: #858585;\">W okresie kadencji co roku na wiosn\u0119 dokonywano wymiany piasku w piaskownicy (uzyskano w tym zakresie pomoc s\u0105siedzk\u0105). Na zam\u00f3wienie wykonana zosta\u0142a pokrywa piaskownicy odpowiadaj\u0105ca wymaganiom SANEPID. W roku 2012 mia\u0142a miejsce kontrola SANEPID, zako\u0144czona zaleceniami dot. placu zabaw. Zarz\u0105d zleci\u0142 przegl\u0105d pogwarancyjny zabawek i konstrukcji drewnianych na Placu Zabaw. Zamontowano tabliczki o zakazie wprowadzania zwierz\u0105t oraz regulamin, tabliczki niestety by\u0142y systematycznie niszczone. Zlecono wykonanie Tablicy Og\u0142osze\u0144, kt\u00f3ra s\u0142u\u017cy nie tylko Stowarzyszeniu ale komunikacji miedzy wszystkimi s\u0105siadami Osiedla. Grafik\u0119 do tablicy pogl\u0105dowej wykona\u0142 wolontariusz z Pracowni Architekt\u00f3w. Zakupiono i zamontowano brakuj\u0105c\u0105 bramk\u0119 wej\u015bciow\u0105 na boisko.<\/p>\n<p style=\"color: #858585;\">Przygotowano regulamin placu zabaw, wykonano tabliczki.<\/p>\n<p style=\"color: #858585;\">\n<p style=\"color: #858585;\"><strong>Imprezy integracyjne dla mieszka\u0144c\u00f3w Osiedla<\/strong><\/p>\n<p style=\"color: #858585;\">W okresie kadencji Zarz\u0105d, przy wsp\u00f3\u0142pracy s\u0105siad\u00f3w, zorganizowa\u0142 cztery pikniki na dziedzi\u0144cu. Tradycyjnie odbywaj\u0105 si\u0119 one na prze\u0142omie maja i czerwca (z okazji Dnia Dziecka) oraz we wrze\u015bniu (pocz\u0105tek roku szkolnego). Pikniki wsparte by\u0142y przez sponsor\u00f3w, kt\u00f3rzy zapewnili pocz\u0119stunek i nagrody.<\/p>\n<p style=\"color: #858585;\">\n<p style=\"color: #858585;\"><strong>Wsp\u00f3\u0142praca z Urz\u0119dem Dzielnicy<\/strong><\/p>\n<p style=\"color: #858585;\">Podczas jednego z piknik\u00f3w go\u015b\u0107mi byli Wiceburmistrz Dzielnicy Targ\u00f3wek i Przewodnicz\u0105ca Rady Dzielnicy. Kontakt z Urz\u0119dem Dzielnicy oraz radnymi jest utrzymywany. Radni Dzielnicy odwiedzili osiedle ponownie w jesieni 2013 roku. W roku 2013 a\u017c troje reprezentant\u00f3w osiedla Zielone Zacisze, w tym sekretarz zarz\u0105du Stowarzyszenia, zostali uhonorowani dyplomami w dzielnicowym konkursie za s\u0105siedzkie postawy i aktywno\u015b\u0107 na rzecz mieszka\u0144c\u00f3w.<\/p>\n<p style=\"color: #858585;\">W roku 2013 Zarz\u0105d z\u0142o\u017cy\u0142 wniosek o dofinansowanie w ramach projekt\u00f3w na dzia\u0142alno\u015b\u0107 spo\u0142eczn\u0105. Pomimo nieskutecznej pierwszej pr\u00f3by, sk\u0142adanie wniosk\u00f3w powinno by\u0107 kontynuowane.<\/p>\n<p style=\"color: #858585;\">\n<p style=\"color: #858585;\"><strong>Strona internetowa, mailingi<\/strong><\/p>\n<p style=\"color: #858585;\">Kontynuowane jest prowadzenie i bie\u017c\u0105ce aktualizacje strony internetowej. Dzi\u0119ki pomocy wolontariusza zapewniany jest hosting i ew. pomoc informatyczna. Zarz\u0105d stosuje mailingi do cz\u0142onk\u00f3w przy bie\u017c\u0105cym powiadamianiu o wydarzeniach, Niezb\u0119dna jest kolejna\u00a0 aktualizacja adres\u00f3w.<\/p>\n<p style=\"color: #858585;\">\n<p style=\"color: #858585;\"><strong>Nowe uregulowanie spraw ochrony<\/strong><\/p>\n<p style=\"color: #858585;\">W wyniku wielostronnego porozumienia ze wszystkimi Wsp\u00f3lnotami, kieruj\u0105c si\u0119 potrzeb\u0105 s\u0105siedzkiej solidarno\u015bci, Zarz\u0105d zdecydowa\u0142 o sformalizowaniu zasad i przyst\u0105pieniu do op\u0142acania us\u0142ug firmy ochroniarskiej. Od pa\u017adziernika 2013 r. firma zapewniaj\u0105ca ochran\u0119 ca\u0142ego osiedla, swoj\u0105 odpowiedzialno\u015bci\u0105 obj\u0119\u0142a formalnie tak\u017ce dzia\u0142k\u0119 D ze znajduj\u0105cym si\u0119 tam placem zabaw i boiskiem, a tak\u017ce miejscami parkingowymi. Oznacza to jednak\u017ce wzrost obci\u0105\u017ce\u0144 finansowych, jakich wcze\u015bniej w bud\u017cecie stowarzyszenia nie kalkulowano. Zarz\u0105d kieruje wniosek do wszystkich Wsp\u00f3lnot Mieszka\u0144c\u00f3w osiedla Zielone Zacisze, aby podczas wiosennych Zebra\u0144 w roku 2014 przyj\u0105\u0107 uchwa\u0142y o podniesieniu sk\u0142adki o co najmniej 2 z\u0142ote.<\/p>\n<p style=\"color: #858585;\">\n<p style=\"color: #858585;\"><strong>Plan przyj\u0119cia statusu OPP<\/strong><\/p>\n<p style=\"color: #858585;\">W wyniku analiz prawnych i konsultacji z mieszka\u0144cami Zarz\u0105d rozwa\u017ca\u0142 starania o docelowe przyj\u0119cie przez Stowarzyszenie statusu Organizacji Po\u017cytku Publicznego. Mog\u0142oby to zapewni\u0107 mo\u017cliwo\u015b\u0107 przej\u0119cia na w\u0142asno\u015b\u0107 dzia\u0142ki D, pozostaj\u0105cej obecnie w czasowej dzier\u017cawie. Utrzymywanie obecnego stanu dzier\u017cawy na d\u0142u\u017csz\u0105 met\u0119 niesie du\u017ce zagro\u017cenie, a status OPP zapewni ochron\u0119 przed obci\u0105\u017ceniem Stowarzyszenie podatkiem od darowizny dzia\u0142ki. Jednocze\u015bnie statut OPP umo\u017cliwi\u0142by dokonywanie darowizn i zapewni\u0142 dodatkowe \u015brodki na statutowe dzia\u0142ania i stabilne funkcjonowanie Stowarzyszenia. Jednocze\u015bnie rozwa\u017cy\u0107 nale\u017cy przej\u0119cie dzia\u0142ki D bez zmiany statusna OPP.\u00a0 W tym celu\u00a0 nale\u017cy uzyska\u0107 opinie prawne z wszelkich mo\u017cliwych \u017ar\u00f3de\u0142.<\/p>\n<p style=\"color: #858585;\">\n<p style=\"color: #858585;\"><strong>Pogarszaj\u0105cy si\u0119 stan boiska i ogrodzenia<\/strong><\/p>\n<p style=\"color: #858585;\">W kolejnej kadencji Zarz\u0105d Stowarzyszenia, wraz ze Wsp\u00f3lnotami Mieszka\u0144c\u00f3w osiedla, musi si\u0119 zmierzy\u0107 z problemem pogarszaj\u0105cego si\u0119 stanu nawierzchni boiska. Tak\u017ce drewniane ogrodzenie, pomimo systematycznych napraw, b\u0119dzie wymaga\u0142o ca\u0142kowitej wymiany. Obydwa te zadania przekraczaj\u0105 mo\u017cliwo\u015bci finansowe Stowarzyszenia Mieszka\u0144c\u00f3w \u201eZielone Zacisze\u201d. Niezb\u0119dne wi\u0119c jest przyj\u0119cie tych zada\u0144 przez wszystkich mieszka\u0144c\u00f3w.<\/p>\n<p style=\"color: #858585;\"><span style=\"font-style: italic;\">Sprawozdanie przedstawi\u0142 Zarz\u0105d Walnemu Zgromadzeniu Stowarzyszenia Mieszka\u0144c\u00f3w \u201eZielone Zacisze\u201d w dniu 14.01.2014 r.<\/span><\/p>\n<p style=\"color: #858585;\">\n<p style=\"color: #858585;\"><strong>Plan pracy \/ Plan gospodarczy<\/strong><\/p>\n<p style=\"color: #858585;\"><strong>Stowarzyszenia Mieszka\u0144c\u00f3w \u201eZielone Zacisze\u201d<\/strong><\/p>\n<p style=\"color: #858585;\"><strong>na 2014<\/strong><\/p>\n<p style=\"color: #858585;\">\n<ol style=\"color: #858585;\">\n<li>Naprawy o\u015bwietlenia Placu Zabaw\/Boiska<\/li>\n<li>Wykonanie tablic z regulaminem korzystania z Placu Zabaw i Boiska.<\/li>\n<li>Wiosenne prace porz\u0105dkowe z wykorzystaniem firmy ARECA, bie\u017c\u0105ce naprawy ogrodzenia do czasu podj\u0119cia decyzji o inwestycji.<\/li>\n<li>Wiosenne nasadzenie drzew (w zale\u017cno\u015bci od funduszy)<\/li>\n<li>Analiza prawna &#8211; sprawa OPP lub przej\u0119cie w\u0142asno\u015bci dzia\u0142ki.<\/li>\n<li>Pozyskanie nowych cz\u0142onk\u00f3w Stowarzyszenia<\/li>\n<li>Akcja gromadzenia funduszy na modernizacje dziedzi\u0144ca:\n<ol>\n<li>zakup dalszych \u0142awek<\/li>\n<li>utwardzenie \u015bcie\u017cek<\/li>\n<li>zacienienie Placu Zabaw (pergola)<\/li>\n<li>Piknik wiosenny\/Dzie\u0144 Dziecka<\/li>\n<li>Remont nawierzchni (ubytki kostki w jezdni)<\/li>\n<\/ol>\n<\/li>\n<\/ol>\n<p style=\"color: #858585;\">10.\u00a0 Piknik jesienny<\/p>\n<p style=\"color: #858585;\">11.\u00a0 Gromadzenie funduszy na remont boiska (drenowanie, wymiana nawierzchni)<\/p>\n<p style=\"color: #858585;\">\n<p style=\"color: #858585;\"><em>Przyj\u0119to w dniu 14.01.2014 r.<\/em><\/p>\n","protected":false},"excerpt":{"rendered":"<p>Sprawozdanie Zarz\u0105du Stowarzyszenia Mieszka\u0144c\u00f3w \u201eZielone Zacisze\u201d za okres kadencji 2012-2013 Nazwa\u00a0: Stowarzyszenie Mieszka\u0144c\u00f3w \u201eZielone Zacisze\u201d Adres\u00a0: ul. \u015aw. Wincentego 114 kl. VII\u00a0\u00a0 03-291\u00a0 Warszawa email:\u00a0\u00a0\u00a0biuro@zielonezacisze.org.pl\u00a0www.zielonezacisze.org.pl Data wpisu do KRS: 16.10.2009 r. \u00a0\u00a0\u00a0\u00a0\u00a0\u00a0\u00a0\u00a0 Numer KRS\u00a0: 0000339284 NIP: 524-270-33-11\u00a0\u00a0\u00a0\u00a0\u00a0\u00a0\u00a0 \u00a0\u00a0\u00a0\u00a0\u00a0\u00a0\u00a0\u00a0\u00a0\u00a0\u00a0\u00a0\u00a0\u00a0\u00a0\u00a0\u00a0\u00a0\u00a0\u00a0\u00a0\u00a0\u00a0\u00a0\u00a0\u00a0\u00a0\u00a0REGON: 142206059 Konto Bankowe\u00a0: Volkswagen Bank Polska nr 77 2130 0004 2001 0531 5163 0001 Niniejsze\u00a0sprawozdanie\u00a0sk\u0142adane jest za\u2026 <span class=\"read-more\"><a href=\"https:\/\/zielonezacisze.org.pl\/?p=180\">Dowiedz si\u0119 wi\u0119cej &raquo;<\/a><\/span><\/p>\n","protected":false},"author":1,"featured_media":0,"comment_status":"closed","ping_status":"open","sticky":false,"template":"","format":"standard","meta":{"footnotes":""},"categories":[1,2],"tags":[],"class_list":["post-180","post","type-post","status-publish","format-standard","hentry","category-aktualnosci","category-dokumenty"],"_links":{"self":[{"href":"https:\/\/zielonezacisze.org.pl\/index.php?rest_route=\/wp\/v2\/posts\/180","targetHints":{"allow":["GET"]}}],"collection":[{"href":"https:\/\/zielonezacisze.org.pl\/index.php?rest_route=\/wp\/v2\/posts"}],"about":[{"href":"https:\/\/zielonezacisze.org.pl\/index.php?rest_route=\/wp\/v2\/types\/post"}],"author":[{"embeddable":true,"href":"https:\/\/zielonezacisze.org.pl\/index.php?rest_route=\/wp\/v2\/users\/1"}],"replies":[{"embeddable":true,"href":"https:\/\/zielonezacisze.org.pl\/index.php?rest_route=%2Fwp%2Fv2%2Fcomments&post=180"}],"version-history":[{"count":2,"href":"https:\/\/zielonezacisze.org.pl\/index.php?rest_route=\/wp\/v2\/posts\/180\/revisions"}],"predecessor-version":[{"id":183,"href":"https:\/\/zielonezacisze.org.pl\/index.php?rest_route=\/wp\/v2\/posts\/180\/revisions\/183"}],"wp:attachment":[{"href":"https:\/\/zielonezacisze.org.pl\/index.php?rest_route=%2Fwp%2Fv2%2Fmedia&parent=180"}],"wp:term":[{"taxonomy":"category","embeddable":true,"href":"https:\/\/zielonezacisze.org.pl\/index.php?rest_route=%2Fwp%2Fv2%2Fcategories&post=180"},{"taxonomy":"post_tag","embeddable":true,"href":"https:\/\/zielonezacisze.org.pl\/index.php?rest_route=%2Fwp%2Fv2%2Ftags&post=180"}],"curies":[{"name":"wp","href":"https:\/\/api.w.org\/{rel}","templated":true}]}}