{"id":422,"date":"2025-10-26T20:39:23","date_gmt":"2025-10-26T19:39:23","guid":{"rendered":"https:\/\/zielonezacisze.org.pl\/?p=422"},"modified":"2025-10-26T20:41:30","modified_gmt":"2025-10-26T19:41:30","slug":"uchwala-zarzadu","status":"publish","type":"post","link":"https:\/\/zielonezacisze.org.pl\/?p=422","title":{"rendered":"Uchwa\u0142a Zarz\u0105du"},"content":{"rendered":"\n<p><strong>Stowarzyszenia Mieszka\u0144c\u00f3w \u201eZielone Zacisze\u201d z siedzib\u0105 w Warszawie\u00a0przy ul. \u015aw. Wincentego 114 kl. VII z dnia 03.06.2025 roku w sprawie <u>naliczenia op\u0142at dla miejsc parkingowych<\/u>.<\/strong><\/p>\n\n\n\n<p>Op\u0142aty mog\u0105 ulec zmianie w przypadku wzrostu koszt\u00f3w utrzymania dzia\u0142ki z placem zabaw i miejscami parkingowymi <strong>lub w przypadku braku wp\u0142at przez wsp\u00f3\u0142udzia\u0142owc\u00f3w (w\u0142a\u015bcicieli miejsc parkingowych).<\/strong><\/p>\n\n\n\n<div class=\"wp-block-group\"><div class=\"wp-block-group__inner-container is-layout-constrained wp-block-group-is-layout-constrained\">\n<div class=\"wp-block-group\"><div class=\"wp-block-group__inner-container is-layout-constrained wp-block-group-is-layout-constrained\">\n<div class=\"wp-block-group\"><div class=\"wp-block-group__inner-container is-layout-constrained wp-block-group-is-layout-constrained\">\n<figure class=\"wp-block-table\"><table class=\"has-fixed-layout\"><tbody><tr><td class=\"has-text-align-center\" data-align=\"center\" colspan=\"5\"><strong>NALICZENIE OP\u0141AT OD 1 LIPCA 2025 ROKU.<\/strong><\/td><\/tr><tr><td class=\"has-text-align-center\" data-align=\"center\" colspan=\"5\" rowspan=\"2\"><strong>Naliczenie na 1 miejsce parkingowe<\/strong><\/td><\/tr><tr><\/tr><tr><td class=\"has-text-align-center\" data-align=\"center\"><strong>Lp.<\/strong><\/td><td><strong>Koszty<\/strong><\/td><td><strong>1 miejsce<\/strong><\/td><td><strong>* 71 stanowisk<\/strong><\/td><td><strong>* 12 m-cy<\/strong><\/td><\/tr><tr><td class=\"has-text-align-center\" data-align=\"center\">1.<\/td><td><strong>&nbsp;<\/strong><strong>Sprz\u0105tanie i od\u015bnie\u017canie dr\u00f3g dojazdowych, miejsc parkingowych, utrzymanie zieleni,<\/strong><\/td><td><strong>11,27 z\u0142<\/strong><\/td><td><strong>800,17 z\u0142<\/strong><\/td><td><strong>9 602,04 z\u0142<\/strong><\/td><\/tr><tr><td class=\"has-text-align-center\" data-align=\"center\">2.<\/td><td><strong>&nbsp;<\/strong><strong>Fundusz udzia\u0142 w kosztach ca\u0142ego osiedla &#8211; ochrona, monitoring, system kontroli dost\u0119pu, remonty, konserwacja i materia\u0142y (Stowarzyszenie 3%) itp.<\/strong><\/td><td><strong>20,70 z\u0142<\/strong><\/td><td><strong>1 469,70 z\u0142<\/strong><\/td><td><strong>17 636,40 z\u0142<\/strong><\/td><\/tr><tr><td class=\"has-text-align-center\" data-align=\"center\">3.<\/td><td><strong>&nbsp;<\/strong><strong>O\u015bwietlenie&nbsp;<\/strong><\/td><td><strong>0,15 z\u0142<\/strong><\/td><td><strong>10,65 z\u0142<\/strong><\/td><td><strong>127,80 z\u0142<\/strong><\/td><\/tr><tr><td class=\"has-text-align-center\" data-align=\"center\">4.<\/td><td><strong>&nbsp;<\/strong><strong>Woda<\/strong><\/td><td><strong>&#8211;&nbsp;&nbsp; z\u0142<\/strong><\/td><td><strong>&#8211;&nbsp;&nbsp; z\u0142<\/strong><\/td><td><strong>&#8211;&nbsp;&nbsp; z\u0142<\/strong><\/td><\/tr><tr><td class=\"has-text-align-center\" data-align=\"center\">5.<\/td><td><strong>&nbsp;<\/strong><strong>Ksi\u0119gowo\u015b\u0107, domena internetowa<\/strong><\/td><td><strong>4,07 z\u0142<\/strong><\/td><td><strong>288,97 z\u0142<\/strong><\/td><td><strong>3 467,64 z\u0142<\/strong><\/td><\/tr><tr><td class=\"has-text-align-center\" data-align=\"center\" colspan=\"2\"><strong>Op\u0142ata za 1 miesi\u0105c&nbsp;&nbsp;&nbsp;&nbsp;&nbsp;&nbsp;&nbsp;&nbsp;&nbsp; &#8211;<\/strong><\/td><td><strong>&nbsp;&nbsp;&nbsp; <\/strong><strong>36,19 z\u0142<\/strong><\/td><td><strong>Op\u0142aty w roku&nbsp; &#8211;<\/strong><\/td><td><strong>30 833,88<\/strong><\/td><\/tr><\/tbody><\/table><\/figure>\n<\/div><\/div>\n<\/div><\/div>\n<\/div><\/div>\n\n\n\n<p class=\"has-text-align-right\">\u00a0\u00a0\u00a0\u00a0\u00a0\u00a0\u00a0\u00a0\u00a0\u00a0\u00a0\u00a0\u00a0\u00a0\u00a0\u00a0\u00a0\u00a0\u00a0\u00a0\u00a0\u00a0\u00a0\u00a0\u00a0\u00a0\u00a0\u00a0\u00a0\u00a0\u00a0\u00a0\u00a0\u00a0\u00a0     Zarz\u0105d Stowarzyszenia Mieszka\u0144c\u00f3w Zielone Zacisze<br>\u00a0\u00a0\u00a0\u00a0\u00a0\u00a0\u00a0\u00a0\u00a0\u00a0\u00a0\u00a0\u00a0\u00a0\u00a0\u00a0\u00a0\u00a0\u00a0\u00a0\u00a0\u00a0\u00a0\u00a0\u00a0\u00a0\u00a0\u00a0\u00a0\u00a0\u00a0\u00a0\u00a0\u00a0\u00a0\u00a0\u00a0\u00a0\u00a0\u00a0\u00a0\u00a0\u00a0\u00a0\u00a0\u00a0 \u00a0 El\u017cbieta Sylwestrzak-Kowalska Urszula Ma\u015blanka<\/p>\n\n\n\n<p><\/p>\n\n\n\n<p><\/p>\n","protected":false},"excerpt":{"rendered":"<p>Stowarzyszenia Mieszka\u0144c\u00f3w \u201eZielone Zacisze\u201d z siedzib\u0105 w Warszawie\u00a0przy ul. \u015aw. Wincentego 114 kl. VII z dnia 03.06.2025 roku w sprawie naliczenia op\u0142at dla miejsc parkingowych. Op\u0142aty mog\u0105 ulec zmianie w przypadku wzrostu koszt\u00f3w utrzymania dzia\u0142ki z placem zabaw i miejscami parkingowymi lub w przypadku braku wp\u0142at przez wsp\u00f3\u0142udzia\u0142owc\u00f3w (w\u0142a\u015bcicieli miejsc parkingowych). NALICZENIE OP\u0141AT OD 1\u2026 <span class=\"read-more\"><a href=\"https:\/\/zielonezacisze.org.pl\/?p=422\">Dowiedz si\u0119 wi\u0119cej &raquo;<\/a><\/span><\/p>\n","protected":false},"author":1,"featured_media":0,"comment_status":"closed","ping_status":"open","sticky":false,"template":"","format":"standard","meta":{"footnotes":""},"categories":[1],"tags":[],"class_list":["post-422","post","type-post","status-publish","format-standard","hentry","category-aktualnosci"],"_links":{"self":[{"href":"https:\/\/zielonezacisze.org.pl\/index.php?rest_route=\/wp\/v2\/posts\/422","targetHints":{"allow":["GET"]}}],"collection":[{"href":"https:\/\/zielonezacisze.org.pl\/index.php?rest_route=\/wp\/v2\/posts"}],"about":[{"href":"https:\/\/zielonezacisze.org.pl\/index.php?rest_route=\/wp\/v2\/types\/post"}],"author":[{"embeddable":true,"href":"https:\/\/zielonezacisze.org.pl\/index.php?rest_route=\/wp\/v2\/users\/1"}],"replies":[{"embeddable":true,"href":"https:\/\/zielonezacisze.org.pl\/index.php?rest_route=%2Fwp%2Fv2%2Fcomments&post=422"}],"version-history":[{"count":2,"href":"https:\/\/zielonezacisze.org.pl\/index.php?rest_route=\/wp\/v2\/posts\/422\/revisions"}],"predecessor-version":[{"id":425,"href":"https:\/\/zielonezacisze.org.pl\/index.php?rest_route=\/wp\/v2\/posts\/422\/revisions\/425"}],"wp:attachment":[{"href":"https:\/\/zielonezacisze.org.pl\/index.php?rest_route=%2Fwp%2Fv2%2Fmedia&parent=422"}],"wp:term":[{"taxonomy":"category","embeddable":true,"href":"https:\/\/zielonezacisze.org.pl\/index.php?rest_route=%2Fwp%2Fv2%2Fcategories&post=422"},{"taxonomy":"post_tag","embeddable":true,"href":"https:\/\/zielonezacisze.org.pl\/index.php?rest_route=%2Fwp%2Fv2%2Ftags&post=422"}],"curies":[{"name":"wp","href":"https:\/\/api.w.org\/{rel}","templated":true}]}}